{"id":62367,"date":"2020-12-29T11:56:01","date_gmt":"2020-12-29T10:56:01","guid":{"rendered":"https:\/\/magic-croatia.hr\/poznati-zadrani\/"},"modified":"2024-05-17T09:46:44","modified_gmt":"2024-05-17T07:46:44","slug":"beruehmte-aus-zadar-teil-1","status":"publish","type":"post","link":"https:\/\/magic-croatia.hr\/de\/beruehmte-aus-zadar-teil-1\/","title":{"rendered":"Ber\u00fchmte aus Zadar, Teil 1"},"content":{"rendered":"<div class=\"wpb-content-wrapper\"><p>[vc_row][vc_column][vc_column_text]Hier ist eine Liste ber\u00fchmter Personen aus Zadar, die \u00fcber unser sch\u00f6nes Kroatien hinaus bekannt sind. Da Zadar viele Ber\u00fchmtheiten hervorgebracht hat, ist dies nur ein kleiner Teil der Liste, die wir Ihnen pr\u00e4sentieren werden. Also fangen wir mal an:<\/p>\n<h5><strong>Luka Modri\u0107- der beste Fu\u00dfballer der Welt\u00a0<\/strong><\/h5>\n<p>&nbsp;<\/p>\n<p>Luka Modri\u0107 ist ein weltber\u00fchmter Fu\u00dfballspieler, der in Zadar geboren wurde. Er ging 2018 in die Fu\u00dfballgeschichte ein, nachdem er im selben Jahr vier der prestigetr\u00e4chtigsten Fu\u00dfballpreise gewonnen hatte &#8211; den Goldenen Ball der Weltmeisterschaft, den FIFA-Preis f\u00fcr den besten Fu\u00dfballer, den UEFA-Preis und den Ballon D&#8217;Or. Als Kapit\u00e4n f\u00fchrte er die kroatische Nationalmannschaft zur Silbermedaille bei der Weltmeisterschaft in Russland.<br \/>\nNur wenige k\u00f6nnen einen so spektakul\u00e4ren Empfang vergessen, den die Einwohner von Zadar ihrem Helden und seinen Teamkollegen \u0160ime Vrsaljko und den Torh\u00fctern Danijel Suba\u0161i\u0107 und Dominik Livakovi\u0107 bereiteten (ebenfalls aus Zadar stammend), nachdem sie bei der Weltmeisterschaft Silber gewonnen hatten.<br \/>\nObwohl er ein weltber\u00fchmter Star ist, der in gro\u00dfen Vereinen wie Tottenham und Real Madrid spielt, erw\u00e4hnt er oft seine Herkunft aus Zadar, und die Einwohner von Zadar sind stolz darauf, \u00fcber ihren Landsmann zu sprechen.<\/p>\n<h5><strong>Kre\u0161imir \u0106osi\u0107- kroatischer Basketballer und Trainer<\/strong><\/h5>\n<p>&nbsp;<\/p>\n<p>Kre\u0161imir \u0106osi\u0107 ist ein ber\u00fchmter kroatischer Basketballspieler, der in Zagreb geboren wurde, aber in Zadar aufwuchs, wo er seine Basketballkarriere im Basketballverein Zadar begann. Aufgrund seiner Erfolge und Ergebnisse gilt er als bester Spieler des ehemaligen Jugoslawien und als einer der besten europ\u00e4ischen Spieler. Er war auch der erste Spieler europ\u00e4ischer Abstammung im NBA Draft. Er begann seine Trainerkarriere beim slowenischen Verein Olimpija und gewann als Trainer der jugoslawischen Basketballnationalmannschaft Silber bei den Olympischen Spielen in Seoul 1988. Er ist einer von drei Basketballern nichtamerikanischer Herkunft, die in die Basketball Hall of Fame eingingen, was z\u00fcs\u00e4tzlich \u00fcber die Erfolge und Ruhm dieses ber\u00fchmten B\u00fcrgers von Zadar spricht.<br \/>\nDass die Sporthalle in Zadar seinen Namen tr\u00e4gt, zeigt wie sehr dieser Basketballspieler in Zadar gesch\u00e4tzt wird.<\/p>\n<h5><strong>Nikola Ba\u0161i\u0107- kroatischer Architekt, Kreator der Meeresorgel und des Sonnengru\u00dfes<\/strong><\/h5>\n<p>&nbsp;<\/p>\n<p>Obwohl Nikola Ba\u0161i\u0107 in Murter geboren wurde, verbrachte er den gr\u00f6\u00dften Teil seines Lebens in Zadar. Dieser ber\u00fchmte kroatische Architekt zeichnet sich durch viele interessante architektonische Geb\u00e4ude aus, doch weithin bekannt ist er f\u00fcr die Meeresorgel und den Sonnengru\u00df. Dies sind moderne Installationen, die den westlichen Teil der Uferpromenade von Zadar schm\u00fccken und zu einem Symbol der Stadt geworden sind. Neben diesen beiden Errungenschaften wird besondere Aufmerksamkeit auf ein weiteres Werk des Architekten Ba\u0161i\u0107 gelenkt, und zwar die Gedenkkreuze auf der Insel Kornati, die zu Ehren der zw\u00f6lf gefallenen Feuerwehrleute der Kornati-Trag\u00f6die im Jahr 2007 errichtet wurden. Es handelt sich um 12 in Trockenbautechnik errichtete Kreuze f\u00fcr 12 umgekommene Feuerwehrleute. \u00dcber die Bedeutung dieses kroatischen Architekten zeugen zwanzig nationale und internationale Auszeichnungen.<\/p>\n<h5><strong>Die Gruppe Riva- Eurovision-Gewinner des Jahres 1989<\/strong><\/h5>\n<p>&nbsp;<\/p>\n<p>Eurovision-Fans werden sich sicherlich an den Hit \u201eRock me\u201c erinnern, der 1989 beim Eurovision Song Contest gewonnen hat. Das Lied wurde von der Zadarer Gruppe Riva unter der Leitung von S\u00e4ngerin Emilija Koki\u0107 aufgef\u00fchrt. Es blieb das einzige Lied, das Jugoslawien und Kroatien in diesem prestigetr\u00e4chtigen Wettbewerb den Sieg brachte. Interessanterweise wurde der Riva-Gruppe der Preis von Celine Dion \u00fcberreicht, die im Jahr zuvor gewonnen hatte. Nach dem Sieg war die Gruppe im fernen Japan sehr beliebt, aber 1992 h\u00f6rte die Gruppe auf, in dieser Besetzung Musik zu machen, und die Mitglieder wandten sich Solokarrieren zu.<\/p>\n<p>&nbsp;<\/p>\n<h5><strong>Stipe Mio\u010di\u0107-UFC-Champion<\/strong><\/h5>\n<p>&nbsp;<\/p>\n<p>Eine weitere weltber\u00fchmte Person, die ihre Wurzeln in der Gegend von Zadar hat ist Stipe Mio\u010di\u0107. Er ist ein ber\u00fchmter Sportk\u00e4mpfer, der in Amerika geboren wurde, aber dessen Vater urspr\u00fcnglich aus Rtina im Landkreis Zadars stammt, sodass die Einwohner von Zadar sich eines weiteren gro\u00dfartigen Athleten r\u00fchmen k\u00f6nnen. Seit 2016 ist er der Champion der UFC-Schwergewichtsklasse und 2018 wurde er zum erfolgreichsten K\u00e4mpfer in der Schwergewichtsklasse der MMA-Geschichte, der seinen Titel dreimal verteidigte.<\/p>\n<h5><strong>Nevena Dujmovi\u0107- ein weltbekanntes Model<\/strong><\/h5>\n<p>Nevena Dujmovi\u0107 ist ein weltber\u00fchmtes Model, das urspr\u00fcnglich von der Insel Pa\u0161man stammt. Sie hat es geschafft, eine beneidenswerte 20-j\u00e4hrige Karriere in der Weltmodeszene zu erreichen. Ihre Karriere zieren unz\u00e4hlige Kampagnen mit gro\u00dfen Mode-, Kosmetik- und Medienmarken wie Guess, Garnier, Pupa, L&#8217;Oreal, Vogue u.\u00e4.<\/p>\n<h5><strong>Klapa Intrade- Meister des dalmatinischen Klapa-Gesangs<\/strong><\/h5>\n<p>Die Klapa Intrade ist eine der bekanntesten und beliebtesten Gruppen des Klapa-Gesangs in Kroatien. Der spezifische Klapa-Gesang, den die UNESCO in die Liste des immateriellen Erbes aufgenommen hat, wurde von dieser Klapa auf der ganzen Welt promoviert, indem sie weit \u00fcber die Grenzen Kroatiens hinaus auftraten. Sie traten in Italien, \u00d6sterreich, Deutschland, Belgien, in der Schweiz, Tschechien, in der Slowakei, in der Ukraine, Ungarn und Slowenien sowie in Kanada und den USA auf. Tomislav Brali\u0107 gewann als erkennbarer Bariton zahlreiche Auszeichnungen mit der Klapa f\u00fcr seine Interpretationen dalmatinischer Lieder. Seit 35 Jahren unterh\u00e4lt diese Klapa mit ihren Liedern viele Kroaten im Land und in der ganzen Diaspora.<\/p>\n<h5><strong>Tomislav Iv\u010di\u0107 &#8211; S\u00e4nger des ber\u00fchmten Liedes &#8222;Kalelarga&#8220;\u00a0<\/strong><\/h5>\n<p>Tomislav Iv\u010di\u0107 ist einer der bekanntesten kroatischen S\u00e4nger und Komponist vieler Lieder, die noch heute regelm\u00e4\u00dfig im Radio gespielt und bei Feierlichkeiten aufgef\u00fchrt werden. Seine ber\u00fchmte Musikkarriere wurde 1993 auf tragische Weise unterbrochen, als er bei einem Autounfall in Zagreb ums Leben kam. Dieser erkennbare Autor und S\u00e4nger hat 24 Alben, 22 goldene Schallplatten und mehrere Platin-Schallplatten f\u00fcr Millionen von Kopien seiner Ver\u00f6ffentlichungen erhalten. Seine bekanntesten Songs sind: \u201cNajljep\u0161a si (Crna \u017eeno)\u201d, \u201cKalelarga\u201d, \u201cVe\u010deras je na\u0161a fe\u0161ta\u201d, \u201cGdje si sad, moj an\u0111ele\u201d, \u201cOtrov s tvojih usana\u201d, \u201cTamo gdje sam ro\u0111en\u201c i mnoge druge und viele andere . In der Zeit vom Beginn seiner Karriere bis zu seinem Tod trat er auf zahlreichen Festivals auf und gab Hunderte von Konzerten. Seit 1974 tourte er ausgiebig in den Vereinigten Staaten, viermal in Australien und Neuseeland, einmal in S\u00fcdamerika und mehrmals in ganz Europa.[\/vc_column_text][\/vc_column][\/vc_row]<\/p>\n<\/div>","protected":false},"excerpt":{"rendered":"<p>Donosimo ti popis tko su poznati Zadrani koje prepoznaju i izvan lijepe na\u0161e Hrvatske. Kako je Zadar iznjedrio puno slavnih li\u010dnosti i ima brojna poznata lica, ovo je samo dio popisa koji \u0107emo ti predstaviti. Pa krenimo:<\/p>\n","protected":false},"author":2,"featured_media":56727,"comment_status":"closed","ping_status":"closed","sticky":false,"template":"","format":"standard","meta":{"footnotes":""},"categories":[1351],"tags":[2845,2848,2842,2843,2847,2844,2846,2811],"yoast_head":"<!-- This site is optimized with the Yoast SEO plugin v22.4 - https:\/\/yoast.com\/wordpress\/plugins\/seo\/ -->\n<title>Poznati Zadrani 1. dio - Magic Croatia<\/title>\n<meta name=\"description\" content=\"Donosimo ti popis tko su poznati Zadrani koje prepoznaju i izvan lijepe na\u0161e Hrvatske.\" \/>\n<meta name=\"robots\" content=\"index, follow, max-snippet:-1, max-image-preview:large, max-video-preview:-1\" \/>\n<link rel=\"canonical\" href=\"https:\/\/magic-croatia.hr\/de\/beruehmte-aus-zadar-teil-1\/\" \/>\n<meta property=\"og:locale\" content=\"de_DE\" \/>\n<meta property=\"og:type\" content=\"article\" \/>\n<meta property=\"og:title\" content=\"Poznati Zadrani 1. dio - Magic Croatia\" \/>\n<meta property=\"og:description\" content=\"Donosimo ti popis tko su poznati Zadrani koje prepoznaju i izvan lijepe na\u0161e Hrvatske.\" \/>\n<meta property=\"og:url\" content=\"https:\/\/magic-croatia.hr\/de\/beruehmte-aus-zadar-teil-1\/\" \/>\n<meta property=\"og:site_name\" content=\"Magic Croatia\" \/>\n<meta property=\"article:published_time\" content=\"2020-12-29T10:56:01+00:00\" \/>\n<meta property=\"article:modified_time\" content=\"2024-05-17T07:46:44+00:00\" \/>\n<meta property=\"og:image\" content=\"https:\/\/magic-croatia.hr\/wp-content\/uploads\/2021\/04\/Zadar-magic-croatia-1.jpg\" \/>\n\t<meta property=\"og:image:width\" content=\"800\" \/>\n\t<meta property=\"og:image:height\" content=\"600\" \/>\n\t<meta property=\"og:image:type\" content=\"image\/jpeg\" \/>\n<meta name=\"author\" content=\"Magic Croatia\" \/>\n<meta name=\"twitter:card\" content=\"summary_large_image\" \/>\n<meta name=\"twitter:label1\" content=\"Verfasst von\" \/>\n\t<meta name=\"twitter:data1\" content=\"Magic Croatia\" \/>\n\t<meta name=\"twitter:label2\" content=\"Gesch\u00e4tzte Lesezeit\" \/>\n\t<meta name=\"twitter:data2\" content=\"5 Minuten\" \/>\n<script type=\"application\/ld+json\" class=\"yoast-schema-graph\">{\"@context\":\"https:\/\/schema.org\",\"@graph\":[{\"@type\":\"Article\",\"@id\":\"https:\/\/magic-croatia.hr\/de\/beruehmte-aus-zadar-teil-1\/#article\",\"isPartOf\":{\"@id\":\"https:\/\/magic-croatia.hr\/de\/beruehmte-aus-zadar-teil-1\/\"},\"author\":{\"name\":\"Magic Croatia\",\"@id\":\"https:\/\/magic-croatia.hr\/de\/#\/schema\/person\/327c1b1eb4a7aeef4fa14d85322c9bc5\"},\"headline\":\"Ber\u00fchmte aus Zadar, Teil 1\",\"datePublished\":\"2020-12-29T10:56:01+00:00\",\"dateModified\":\"2024-05-17T07:46:44+00:00\",\"mainEntityOfPage\":{\"@id\":\"https:\/\/magic-croatia.hr\/de\/beruehmte-aus-zadar-teil-1\/\"},\"wordCount\":1034,\"publisher\":{\"@id\":\"https:\/\/magic-croatia.hr\/de\/#organization\"},\"image\":{\"@id\":\"https:\/\/magic-croatia.hr\/de\/beruehmte-aus-zadar-teil-1\/#primaryimage\"},\"thumbnailUrl\":\"https:\/\/magic-croatia.hr\/wp-content\/uploads\/2021\/04\/Zadar-magic-croatia-1.jpg\",\"keywords\":[\"Ber\u00fchmte aus Zadar\",\"Ber\u00fchmte die in Zadar geboren sind\",\"Poznati iz Zadra\",\"poznati rodeni u zadru\",\"Zadar Interessantes\",\"Zadar sporta\u0161i\",\"Zadar Sportler\",\"Zadar zanimljivosti\"],\"articleSection\":[\"Blogs \u00fcber Zadar\"],\"inLanguage\":\"de-DE\"},{\"@type\":\"WebPage\",\"@id\":\"https:\/\/magic-croatia.hr\/de\/beruehmte-aus-zadar-teil-1\/\",\"url\":\"https:\/\/magic-croatia.hr\/de\/beruehmte-aus-zadar-teil-1\/\",\"name\":\"Poznati Zadrani 1. dio - Magic Croatia\",\"isPartOf\":{\"@id\":\"https:\/\/magic-croatia.hr\/de\/#website\"},\"primaryImageOfPage\":{\"@id\":\"https:\/\/magic-croatia.hr\/de\/beruehmte-aus-zadar-teil-1\/#primaryimage\"},\"image\":{\"@id\":\"https:\/\/magic-croatia.hr\/de\/beruehmte-aus-zadar-teil-1\/#primaryimage\"},\"thumbnailUrl\":\"https:\/\/magic-croatia.hr\/wp-content\/uploads\/2021\/04\/Zadar-magic-croatia-1.jpg\",\"datePublished\":\"2020-12-29T10:56:01+00:00\",\"dateModified\":\"2024-05-17T07:46:44+00:00\",\"description\":\"Donosimo ti popis tko su poznati Zadrani koje prepoznaju i izvan lijepe na\u0161e Hrvatske.\",\"breadcrumb\":{\"@id\":\"https:\/\/magic-croatia.hr\/de\/beruehmte-aus-zadar-teil-1\/#breadcrumb\"},\"inLanguage\":\"de-DE\",\"potentialAction\":[{\"@type\":\"ReadAction\",\"target\":[\"https:\/\/magic-croatia.hr\/de\/beruehmte-aus-zadar-teil-1\/\"]}]},{\"@type\":\"ImageObject\",\"inLanguage\":\"de-DE\",\"@id\":\"https:\/\/magic-croatia.hr\/de\/beruehmte-aus-zadar-teil-1\/#primaryimage\",\"url\":\"https:\/\/magic-croatia.hr\/wp-content\/uploads\/2021\/04\/Zadar-magic-croatia-1.jpg\",\"contentUrl\":\"https:\/\/magic-croatia.hr\/wp-content\/uploads\/2021\/04\/Zadar-magic-croatia-1.jpg\",\"width\":800,\"height\":600},{\"@type\":\"BreadcrumbList\",\"@id\":\"https:\/\/magic-croatia.hr\/de\/beruehmte-aus-zadar-teil-1\/#breadcrumb\",\"itemListElement\":[{\"@type\":\"ListItem\",\"position\":1,\"name\":\"Home\",\"item\":\"https:\/\/magic-croatia.hr\/de\/\"},{\"@type\":\"ListItem\",\"position\":2,\"name\":\"Ber\u00fchmte aus Zadar, Teil 1\"}]},{\"@type\":\"WebSite\",\"@id\":\"https:\/\/magic-croatia.hr\/de\/#website\",\"url\":\"https:\/\/magic-croatia.hr\/de\/\",\"name\":\"Magic Croatia\",\"description\":\"Turisti\u010dka agencija\",\"publisher\":{\"@id\":\"https:\/\/magic-croatia.hr\/de\/#organization\"},\"potentialAction\":[{\"@type\":\"SearchAction\",\"target\":{\"@type\":\"EntryPoint\",\"urlTemplate\":\"https:\/\/magic-croatia.hr\/de\/?s={search_term_string}\"},\"query-input\":\"required name=search_term_string\"}],\"inLanguage\":\"de-DE\"},{\"@type\":\"Organization\",\"@id\":\"https:\/\/magic-croatia.hr\/de\/#organization\",\"name\":\"Magic Croatia\",\"url\":\"https:\/\/magic-croatia.hr\/de\/\",\"logo\":{\"@type\":\"ImageObject\",\"inLanguage\":\"de-DE\",\"@id\":\"https:\/\/magic-croatia.hr\/de\/#\/schema\/logo\/image\/\",\"url\":\"https:\/\/magic-croatia.hr\/wp-content\/uploads\/2019\/05\/magic-croatia-logo-final-02.png\",\"contentUrl\":\"https:\/\/magic-croatia.hr\/wp-content\/uploads\/2019\/05\/magic-croatia-logo-final-02.png\",\"width\":2251,\"height\":697,\"caption\":\"Magic Croatia\"},\"image\":{\"@id\":\"https:\/\/magic-croatia.hr\/de\/#\/schema\/logo\/image\/\"}},{\"@type\":\"Person\",\"@id\":\"https:\/\/magic-croatia.hr\/de\/#\/schema\/person\/327c1b1eb4a7aeef4fa14d85322c9bc5\",\"name\":\"Magic Croatia\",\"url\":\"https:\/\/magic-croatia.hr\/de\/autor\/magic_croatia\/\"}]}<\/script>\n<!-- \/ Yoast SEO plugin. -->","yoast_head_json":{"title":"Poznati Zadrani 1. dio - Magic Croatia","description":"Donosimo ti popis tko su poznati Zadrani koje prepoznaju i izvan lijepe na\u0161e Hrvatske.","robots":{"index":"index","follow":"follow","max-snippet":"max-snippet:-1","max-image-preview":"max-image-preview:large","max-video-preview":"max-video-preview:-1"},"canonical":"https:\/\/magic-croatia.hr\/de\/beruehmte-aus-zadar-teil-1\/","og_locale":"de_DE","og_type":"article","og_title":"Poznati Zadrani 1. dio - Magic Croatia","og_description":"Donosimo ti popis tko su poznati Zadrani koje prepoznaju i izvan lijepe na\u0161e Hrvatske.","og_url":"https:\/\/magic-croatia.hr\/de\/beruehmte-aus-zadar-teil-1\/","og_site_name":"Magic Croatia","article_published_time":"2020-12-29T10:56:01+00:00","article_modified_time":"2024-05-17T07:46:44+00:00","og_image":[{"width":800,"height":600,"url":"https:\/\/magic-croatia.hr\/wp-content\/uploads\/2021\/04\/Zadar-magic-croatia-1.jpg","type":"image\/jpeg"}],"author":"Magic Croatia","twitter_card":"summary_large_image","twitter_misc":{"Verfasst von":"Magic Croatia","Gesch\u00e4tzte Lesezeit":"5 Minuten"},"schema":{"@context":"https:\/\/schema.org","@graph":[{"@type":"Article","@id":"https:\/\/magic-croatia.hr\/de\/beruehmte-aus-zadar-teil-1\/#article","isPartOf":{"@id":"https:\/\/magic-croatia.hr\/de\/beruehmte-aus-zadar-teil-1\/"},"author":{"name":"Magic Croatia","@id":"https:\/\/magic-croatia.hr\/de\/#\/schema\/person\/327c1b1eb4a7aeef4fa14d85322c9bc5"},"headline":"Ber\u00fchmte aus Zadar, Teil 1","datePublished":"2020-12-29T10:56:01+00:00","dateModified":"2024-05-17T07:46:44+00:00","mainEntityOfPage":{"@id":"https:\/\/magic-croatia.hr\/de\/beruehmte-aus-zadar-teil-1\/"},"wordCount":1034,"publisher":{"@id":"https:\/\/magic-croatia.hr\/de\/#organization"},"image":{"@id":"https:\/\/magic-croatia.hr\/de\/beruehmte-aus-zadar-teil-1\/#primaryimage"},"thumbnailUrl":"https:\/\/magic-croatia.hr\/wp-content\/uploads\/2021\/04\/Zadar-magic-croatia-1.jpg","keywords":["Ber\u00fchmte aus Zadar","Ber\u00fchmte die in Zadar geboren sind","Poznati iz Zadra","poznati rodeni u zadru","Zadar Interessantes","Zadar sporta\u0161i","Zadar Sportler","Zadar zanimljivosti"],"articleSection":["Blogs \u00fcber Zadar"],"inLanguage":"de-DE"},{"@type":"WebPage","@id":"https:\/\/magic-croatia.hr\/de\/beruehmte-aus-zadar-teil-1\/","url":"https:\/\/magic-croatia.hr\/de\/beruehmte-aus-zadar-teil-1\/","name":"Poznati Zadrani 1. dio - Magic Croatia","isPartOf":{"@id":"https:\/\/magic-croatia.hr\/de\/#website"},"primaryImageOfPage":{"@id":"https:\/\/magic-croatia.hr\/de\/beruehmte-aus-zadar-teil-1\/#primaryimage"},"image":{"@id":"https:\/\/magic-croatia.hr\/de\/beruehmte-aus-zadar-teil-1\/#primaryimage"},"thumbnailUrl":"https:\/\/magic-croatia.hr\/wp-content\/uploads\/2021\/04\/Zadar-magic-croatia-1.jpg","datePublished":"2020-12-29T10:56:01+00:00","dateModified":"2024-05-17T07:46:44+00:00","description":"Donosimo ti popis tko su poznati Zadrani koje prepoznaju i izvan lijepe na\u0161e Hrvatske.","breadcrumb":{"@id":"https:\/\/magic-croatia.hr\/de\/beruehmte-aus-zadar-teil-1\/#breadcrumb"},"inLanguage":"de-DE","potentialAction":[{"@type":"ReadAction","target":["https:\/\/magic-croatia.hr\/de\/beruehmte-aus-zadar-teil-1\/"]}]},{"@type":"ImageObject","inLanguage":"de-DE","@id":"https:\/\/magic-croatia.hr\/de\/beruehmte-aus-zadar-teil-1\/#primaryimage","url":"https:\/\/magic-croatia.hr\/wp-content\/uploads\/2021\/04\/Zadar-magic-croatia-1.jpg","contentUrl":"https:\/\/magic-croatia.hr\/wp-content\/uploads\/2021\/04\/Zadar-magic-croatia-1.jpg","width":800,"height":600},{"@type":"BreadcrumbList","@id":"https:\/\/magic-croatia.hr\/de\/beruehmte-aus-zadar-teil-1\/#breadcrumb","itemListElement":[{"@type":"ListItem","position":1,"name":"Home","item":"https:\/\/magic-croatia.hr\/de\/"},{"@type":"ListItem","position":2,"name":"Ber\u00fchmte aus Zadar, Teil 1"}]},{"@type":"WebSite","@id":"https:\/\/magic-croatia.hr\/de\/#website","url":"https:\/\/magic-croatia.hr\/de\/","name":"Magic Croatia","description":"Turisti\u010dka agencija","publisher":{"@id":"https:\/\/magic-croatia.hr\/de\/#organization"},"potentialAction":[{"@type":"SearchAction","target":{"@type":"EntryPoint","urlTemplate":"https:\/\/magic-croatia.hr\/de\/?s={search_term_string}"},"query-input":"required name=search_term_string"}],"inLanguage":"de-DE"},{"@type":"Organization","@id":"https:\/\/magic-croatia.hr\/de\/#organization","name":"Magic Croatia","url":"https:\/\/magic-croatia.hr\/de\/","logo":{"@type":"ImageObject","inLanguage":"de-DE","@id":"https:\/\/magic-croatia.hr\/de\/#\/schema\/logo\/image\/","url":"https:\/\/magic-croatia.hr\/wp-content\/uploads\/2019\/05\/magic-croatia-logo-final-02.png","contentUrl":"https:\/\/magic-croatia.hr\/wp-content\/uploads\/2019\/05\/magic-croatia-logo-final-02.png","width":2251,"height":697,"caption":"Magic Croatia"},"image":{"@id":"https:\/\/magic-croatia.hr\/de\/#\/schema\/logo\/image\/"}},{"@type":"Person","@id":"https:\/\/magic-croatia.hr\/de\/#\/schema\/person\/327c1b1eb4a7aeef4fa14d85322c9bc5","name":"Magic Croatia","url":"https:\/\/magic-croatia.hr\/de\/autor\/magic_croatia\/"}]}},"_links":{"self":[{"href":"https:\/\/magic-croatia.hr\/de\/wp-json\/wp\/v2\/posts\/62367"}],"collection":[{"href":"https:\/\/magic-croatia.hr\/de\/wp-json\/wp\/v2\/posts"}],"about":[{"href":"https:\/\/magic-croatia.hr\/de\/wp-json\/wp\/v2\/types\/post"}],"author":[{"embeddable":true,"href":"https:\/\/magic-croatia.hr\/de\/wp-json\/wp\/v2\/users\/2"}],"replies":[{"embeddable":true,"href":"https:\/\/magic-croatia.hr\/de\/wp-json\/wp\/v2\/comments?post=62367"}],"version-history":[{"count":5,"href":"https:\/\/magic-croatia.hr\/de\/wp-json\/wp\/v2\/posts\/62367\/revisions"}],"predecessor-version":[{"id":73397,"href":"https:\/\/magic-croatia.hr\/de\/wp-json\/wp\/v2\/posts\/62367\/revisions\/73397"}],"wp:featuredmedia":[{"embeddable":true,"href":"https:\/\/magic-croatia.hr\/de\/wp-json\/wp\/v2\/media\/56727"}],"wp:attachment":[{"href":"https:\/\/magic-croatia.hr\/de\/wp-json\/wp\/v2\/media?parent=62367"}],"wp:term":[{"taxonomy":"category","embeddable":true,"href":"https:\/\/magic-croatia.hr\/de\/wp-json\/wp\/v2\/categories?post=62367"},{"taxonomy":"post_tag","embeddable":true,"href":"https:\/\/magic-croatia.hr\/de\/wp-json\/wp\/v2\/tags?post=62367"}],"curies":[{"name":"wp","href":"https:\/\/api.w.org\/{rel}","templated":true}]}}