{"id":62325,"date":"2021-03-09T08:22:27","date_gmt":"2021-03-09T07:22:27","guid":{"rendered":"https:\/\/magic-croatia.hr\/stvari-koje-ne-znas-o-zadru\/"},"modified":"2022-04-27T11:26:54","modified_gmt":"2022-04-27T09:26:54","slug":"11-dinge-die-sie-nicht-ueber-zadar-wissen","status":"publish","type":"post","link":"https:\/\/magic-croatia.hr\/de\/11-dinge-die-sie-nicht-ueber-zadar-wissen\/","title":{"rendered":"11 Dinge, die Sie nicht \u00fcber Zadar wissen"},"content":{"rendered":"<div class=\"wpb-content-wrapper\"><p>[vc_row][vc_column][vc_column_text]Zadar ist viel mehr als nur die wundersch\u00f6ne K\u00fcste, die vielen Inseln, das Meer und die Str\u00e4nde. Wenn Sie von Zadar geh\u00f6rt haben, oder die Stadt besucht haben, wissen Sie wahrscheinlich, dass diese mediterane Stadt viele Geheimnisse verbirgt. Lesen Sie, welche 11 Dinge Sie noch nicht \u00fcber Zadar wissen:<\/p>\n<p>&nbsp;<\/p>\n<h5><strong>1.\u00a071.471\u00a0<\/strong><\/h5>\n<p>&nbsp;<\/p>\n<p><img loading=\"lazy\" decoding=\"async\" class=\"wp-image-62487 size-full aligncenter\" title=\"Zadar die zweite Stadt nach der Einwohnerdichte\" src=\"https:\/\/magic-croatia.hr\/wp-content\/uploads\/2021\/03\/zadar-kalelarga-3.jpg\" alt=\"Zadar Einwohner\" width=\"800\" height=\"589\" srcset=\"https:\/\/magic-croatia.hr\/wp-content\/uploads\/2021\/03\/zadar-kalelarga-3.jpg 800w, https:\/\/magic-croatia.hr\/wp-content\/uploads\/2021\/03\/zadar-kalelarga-3-768x565.jpg 768w, https:\/\/magic-croatia.hr\/wp-content\/uploads\/2021\/03\/zadar-kalelarga-3-1320x971.jpg 1320w, https:\/\/magic-croatia.hr\/wp-content\/uploads\/2021\/03\/zadar-kalelarga-3-600x441.jpg 600w\" sizes=\"(max-width: 800px) 100vw, 800px\" \/><\/p>\n<p>71.471 ist nach der Volksz\u00e4hlung aus dem Jahr 2011 die Bewohnerzahl der Stadt Zadar. Zadar ist nach der Einwohnerdichte die zweite Stadt in Dalmatien und die f\u00fcnfte in ganz Kroatien.<\/p>\n<p>&nbsp;<\/p>\n<h5><strong>2. das gr\u00f6\u00dfte Flachland in Dalmatien<\/strong><\/h5>\n<p>&nbsp;<\/p>\n<p><a href=\"http:\/\/www.visitravnikotari.com\/\"><span style=\"text-decoration: underline; color: #333399;\"><img loading=\"lazy\" decoding=\"async\" class=\"aligncenter wp-image-62490 size-full\" title=\"Das gr\u00f6\u00dfte Flachland in Kroatien\" src=\"https:\/\/magic-croatia.hr\/wp-content\/uploads\/2021\/03\/zadar-7.jpg\" alt=\"Ravni kotari\" width=\"800\" height=\"463\" srcset=\"https:\/\/magic-croatia.hr\/wp-content\/uploads\/2021\/03\/zadar-7.jpg 800w, https:\/\/magic-croatia.hr\/wp-content\/uploads\/2021\/03\/zadar-7-768x444.jpg 768w, https:\/\/magic-croatia.hr\/wp-content\/uploads\/2021\/03\/zadar-7-1320x763.jpg 1320w, https:\/\/magic-croatia.hr\/wp-content\/uploads\/2021\/03\/zadar-7-600x347.jpg 600w\" sizes=\"(max-width: 800px) 100vw, 800px\" \/>Ravni kotari<\/span><\/a> befinden sich im Hinterland der Stadt Zadar\u00a0und stellen die gr\u00f6\u00dfte landwirtschaftliche Fl\u00e4che Dalmatiens dar. Dieses Gebiet zeichnet sich durch ein hohes Ma\u00df an Naturschutz und zahlreiche Schutzgebiete aus.<\/p>\n<p>&nbsp;<\/p>\n<h5><strong>3. Jader<\/strong><\/h5>\n<p>&nbsp;<\/p>\n<p><img loading=\"lazy\" decoding=\"async\" class=\"aligncenter wp-image-62493 size-full\" title=\"Zadar entwickelte sich aus der Siedlung Jader\" src=\"https:\/\/magic-croatia.hr\/wp-content\/uploads\/2021\/03\/zadar-2-3.jpg\" alt=\"Zadar Jader\" width=\"800\" height=\"479\" srcset=\"https:\/\/magic-croatia.hr\/wp-content\/uploads\/2021\/03\/zadar-2-3.jpg 800w, https:\/\/magic-croatia.hr\/wp-content\/uploads\/2021\/03\/zadar-2-3-768x459.jpg 768w, https:\/\/magic-croatia.hr\/wp-content\/uploads\/2021\/03\/zadar-2-3-1320x790.jpg 1320w, https:\/\/magic-croatia.hr\/wp-content\/uploads\/2021\/03\/zadar-2-3-600x359.jpg 600w\" sizes=\"(max-width: 800px) 100vw, 800px\" \/>Jader ist eine ehemalige Siedlung, aus der sich die Stadt Zadar entwickelt hat. Die Jadasiner als Einwohner von Idassa oder Jadera wurden erstmals 384 v. Chr. erw\u00e4hnt. Jader ist ein Name, der sp\u00e4ter von anderen Zivilisationen \u00fcbernommen wurde, und so wurde Jadera im 1. Jahrhundert zu einer r\u00f6mische Kolonie (Colonia Iulia Iader).<\/p>\n<p>&nbsp;<\/p>\n<h5><strong>4. Zadar wurde f\u00fcr 100.000 Dukaten an die Republik Venedig verkauft\u00a0<\/strong><\/h5>\n<p><img loading=\"lazy\" decoding=\"async\" class=\"aligncenter wp-image-62484 size-full\" title=\"Zadar an die Republik Venedig verkauft\" src=\"https:\/\/magic-croatia.hr\/wp-content\/uploads\/2021\/03\/Venedig.jpg\" alt=\"Zadar Venedig\" width=\"800\" height=\"534\" srcset=\"https:\/\/magic-croatia.hr\/wp-content\/uploads\/2021\/03\/Venedig.jpg 800w, https:\/\/magic-croatia.hr\/wp-content\/uploads\/2021\/03\/Venedig-768x512.jpg 768w, https:\/\/magic-croatia.hr\/wp-content\/uploads\/2021\/03\/Venedig-1320x881.jpg 1320w, https:\/\/magic-croatia.hr\/wp-content\/uploads\/2021\/03\/Venedig-600x400.jpg 600w\" sizes=\"(max-width: 800px) 100vw, 800px\" \/><\/p>\n<p>&nbsp;<\/p>\n<p>1409 verkaufte Ladislav, K\u00f6nig von Neapel und <a href=\"https:\/\/de.wikipedia.org\/wiki\/Kroatien_im_Staatsverband_mit_Ungarn\">Kroatien-Ungarn<\/a>, Zadar, Novigrad, Pag, Vrana und seine Rechte an Dalmatien f\u00fcr 100.000 Dukaten an Venedig. Dieses Ereignis ist in die Geschichte als \u201esch\u00e4ndlicher Verkauf Dalmatiens\u201c eingegangen. Von da an behielten die Venezianer die Macht \u00fcber die Stadt bis zum Fall der <a href=\"https:\/\/de.wikipedia.org\/wiki\/Republik_Venedig\">Republik Venedig<\/a> im Jahr 1797.<\/p>\n<p>&nbsp;<\/p>\n<h5><strong>5. Zadar hat zwei Mal den Papst empfangen<\/strong><\/h5>\n<p><img loading=\"lazy\" decoding=\"async\" class=\"aligncenter wp-image-62496 size-full\" title=\"Zadar hat zweimal den Papst empfangen\" src=\"https:\/\/magic-croatia.hr\/wp-content\/uploads\/2021\/03\/zadar-3-2.jpg\" alt=\"Zadar Papst\" width=\"800\" height=\"533\" srcset=\"https:\/\/magic-croatia.hr\/wp-content\/uploads\/2021\/03\/zadar-3-2.jpg 800w, https:\/\/magic-croatia.hr\/wp-content\/uploads\/2021\/03\/zadar-3-2-768x511.jpg 768w, https:\/\/magic-croatia.hr\/wp-content\/uploads\/2021\/03\/zadar-3-2-1320x879.jpg 1320w, https:\/\/magic-croatia.hr\/wp-content\/uploads\/2021\/03\/zadar-3-2-600x399.jpg 600w\" sizes=\"(max-width: 800px) 100vw, 800px\" \/><\/p>\n<p>&nbsp;<\/p>\n<p>Papst Alexander III war der erste Papst, der 1177 die kroatische Region besuchte. Er besuchte Palagru\u017ea, Vis und Rab, und in Zadar wurde er von einer Menschenmenge begr\u00fc\u00dft, die Lieder auf Kroatisch sang. Zadar war 2003 zum zweiten Mal Gastgeber eines Papstes, als eine gro\u00dfe Anzahl von Gl\u00e4ubigen Papst Johannes Paul II. am Zadarer Forum begr\u00fc\u00dfte.<\/p>\n<p>&nbsp;<\/p>\n<h5><strong>6. 2.500 Sonnenstunden<\/strong><\/h5>\n<p><img loading=\"lazy\" decoding=\"async\" class=\"aligncenter wp-image-62499 size-full\" title=\"Zadar die sonnigste Stadt Kroatiens\" src=\"https:\/\/magic-croatia.hr\/wp-content\/uploads\/2021\/03\/zadar-sonnenuntergang.jpg\" alt=\"Sonne Zadar\" width=\"732\" height=\"800\" srcset=\"https:\/\/magic-croatia.hr\/wp-content\/uploads\/2021\/03\/zadar-sonnenuntergang.jpg 732w, https:\/\/magic-croatia.hr\/wp-content\/uploads\/2021\/03\/zadar-sonnenuntergang-768x839.jpg 768w, https:\/\/magic-croatia.hr\/wp-content\/uploads\/2021\/03\/zadar-sonnenuntergang-1320x1442.jpg 1320w, https:\/\/magic-croatia.hr\/wp-content\/uploads\/2021\/03\/zadar-sonnenuntergang-600x655.jpg 600w\" sizes=\"(max-width: 732px) 100vw, 732px\" \/><\/p>\n<p>&nbsp;<\/p>\n<p>Die j\u00e4hrliche Sonneneinstrahlung in Zadar betr\u00e4gt etwa 2.500 Stunden, was \u00fcber dem kroatischen Durchschnitt liegt.<\/p>\n<p>&nbsp;<\/p>\n<h5><strong>7. Der gr\u00f6\u00dfte Forum Romanum an der Ostk\u00fcste der Adria\u00a0<\/strong><\/h5>\n<p><img loading=\"lazy\" decoding=\"async\" class=\"aligncenter wp-image-62502 size-full\" title=\"Zadar das \u00e4lteste Forum Romanum der adriatischen Ostk\u00fcste\" src=\"https:\/\/magic-croatia.hr\/wp-content\/uploads\/2021\/03\/zadar-forum-2.jpg\" alt=\"Zadar Forum\" width=\"800\" height=\"577\" srcset=\"https:\/\/magic-croatia.hr\/wp-content\/uploads\/2021\/03\/zadar-forum-2.jpg 800w, https:\/\/magic-croatia.hr\/wp-content\/uploads\/2021\/03\/zadar-forum-2-768x553.jpg 768w, https:\/\/magic-croatia.hr\/wp-content\/uploads\/2021\/03\/zadar-forum-2-1320x952.jpg 1320w, https:\/\/magic-croatia.hr\/wp-content\/uploads\/2021\/03\/zadar-forum-2-600x432.jpg 600w\" sizes=\"(max-width: 800px) 100vw, 800px\" \/><\/p>\n<p>&nbsp;<\/p>\n<p>Forum Romanum (italienisch: Foro Romano) ist ein r\u00f6mischer Platz in Zadar und der gr\u00f6\u00dfte Platz seiner Art an der gesamten \u00f6stlichen Adriak\u00fcste. Es war der Hauptplatz des r\u00f6mischen Iaders, auf dem sich das \u00f6ffentliche Leben der Stadt abspielte, und sein Bau begann im 1. Jahrhundert v. Chr.<\/p>\n<p>&nbsp;<\/p>\n<h5><strong>8. Der erste Stadtpark in Kroatien<\/strong><\/h5>\n<p><img loading=\"lazy\" decoding=\"async\" class=\"aligncenter wp-image-62505 size-full\" title=\"Der Stadtpark von Zadar ist der erste in Kroatien\" src=\"https:\/\/magic-croatia.hr\/wp-content\/uploads\/2021\/03\/zadar-5-2.jpg\" alt=\"Stadtpark Zadar\" width=\"800\" height=\"537\" srcset=\"https:\/\/magic-croatia.hr\/wp-content\/uploads\/2021\/03\/zadar-5-2.jpg 800w, https:\/\/magic-croatia.hr\/wp-content\/uploads\/2021\/03\/zadar-5-2-768x515.jpg 768w, https:\/\/magic-croatia.hr\/wp-content\/uploads\/2021\/03\/zadar-5-2-1320x886.jpg 1320w, https:\/\/magic-croatia.hr\/wp-content\/uploads\/2021\/03\/zadar-5-2-600x402.jpg 600w\" sizes=\"(max-width: 800px) 100vw, 800px\" \/><\/p>\n<p>&nbsp;<\/p>\n<p>1829 erhielt Zadar seinen ersten \u00f6ffentlichen Park, den der damalige Milit\u00e4rverwalter der Stadt, Baron Franz Ludwig von Welden, nach seinen eigenen Vorstellungen anlegte. Er war ein leidenschaftlicher Botaniker, begeistert von der dalmatinischen Flora. Der Park wurde auf der Bastion der ehemaligen Milit\u00e4rfestung in der N\u00e4he des Platzes der f\u00fcnf Brunnen errichtet und tr\u00e4gt heute den Namen Park der K\u00f6nigin Jelena.<\/p>\n<p>&nbsp;<\/p>\n<h5><strong>9. Die Sphinx von Zadar<\/strong><\/h5>\n<p><img loading=\"lazy\" decoding=\"async\" class=\"aligncenter wp-image-62508 size-full\" title=\"Die Sphinx von Zadar \" src=\"https:\/\/magic-croatia.hr\/wp-content\/uploads\/2021\/03\/zadar-sphinx-magic-croatia.jpg\" alt=\"Zadar Sphinx \" width=\"800\" height=\"533\" srcset=\"https:\/\/magic-croatia.hr\/wp-content\/uploads\/2021\/03\/zadar-sphinx-magic-croatia.jpg 800w, https:\/\/magic-croatia.hr\/wp-content\/uploads\/2021\/03\/zadar-sphinx-magic-croatia-768x511.jpg 768w, https:\/\/magic-croatia.hr\/wp-content\/uploads\/2021\/03\/zadar-sphinx-magic-croatia-1320x879.jpg 1320w, https:\/\/magic-croatia.hr\/wp-content\/uploads\/2021\/03\/zadar-sphinx-magic-croatia-600x399.jpg 600w\" sizes=\"(max-width: 800px) 100vw, 800px\" \/><\/p>\n<p>&nbsp;<\/p>\n<p>Giovanni Smirich, K\u00fcnstler und Historiker und einer der prominentesten B\u00fcrger des 19. Jahrhunderts von Zadar, lie\u00df eine in vielerlei Hinsicht besondere Sphinx bauen. Zadars Nachbildung der \u00e4gyptischen Sphinx hat Finger statt Pfoten, die einst ein gro\u00dfes Schwert hielten. Au\u00dferdem befindet sich auf der mysteri\u00f6sen Sphinx von Zadar eine eingravierte Schrift, die Hieroglyphen \u00e4hnelt, und die bis heute nicht entziffert wurden.<\/p>\n<p>&nbsp;<\/p>\n<h5><strong>10. 4 Schutzheilige<\/strong><\/h5>\n<p><img loading=\"lazy\" decoding=\"async\" class=\"aligncenter wp-image-62511 size-full\" title=\"4 Schutzheilige der Stadt Zadar\" src=\"https:\/\/magic-croatia.hr\/wp-content\/uploads\/2021\/03\/zadar-4-2.jpg\" alt=\"Zadar Schutzheilige\" width=\"729\" height=\"459\" srcset=\"https:\/\/magic-croatia.hr\/wp-content\/uploads\/2021\/03\/zadar-4-2.jpg 729w, https:\/\/magic-croatia.hr\/wp-content\/uploads\/2021\/03\/zadar-4-2-768x483.jpg 768w, https:\/\/magic-croatia.hr\/wp-content\/uploads\/2021\/03\/zadar-4-2-1320x831.jpg 1320w, https:\/\/magic-croatia.hr\/wp-content\/uploads\/2021\/03\/zadar-4-2-600x377.jpg 600w\" sizes=\"(max-width: 729px) 100vw, 729px\" \/><\/p>\n<p>&nbsp;<\/p>\n<p>Seit Jahrhunderten von turbulenter Geschichte wird Zadar von seinen vier &#8222;gleichwertigen&#8220; Schutzheiligen bewacht: dem heiligen Simeon, dem heiligen Chrysogonus, der heiligen Anastasia und dem heiligen Zoilus. Das Fest des heiligen Simeon wird am 8. Oktober, des heiligen Chrysogonus am 24. November, der heiligen Anastasia am 15. Januar und das Fest des heiligen Zoilus am 16. Dezember veranstaltet. Lesen Sie hier <a href=\"https:\/\/magic-croatia.hr\/de\/4-interessante-geschichten-uber-die-schutzpatronen-von-zadar\/\">4 interessante Geschichten \u00fcber die Schutzheiligen von Zadar<\/a>.<\/p>\n<h5><strong>11. 150 km Fluglinie bis Italien<\/strong><\/h5>\n<p><img loading=\"lazy\" decoding=\"async\" class=\"aligncenter wp-image-62514 size-full\" title=\"150 km Fluglinie von Zadar bis Ancona\" src=\"https:\/\/magic-croatia.hr\/wp-content\/uploads\/2021\/03\/ancona-italien.jpg\" alt=\"Zadar Ancona\" width=\"800\" height=\"600\" srcset=\"https:\/\/magic-croatia.hr\/wp-content\/uploads\/2021\/03\/ancona-italien.jpg 800w, https:\/\/magic-croatia.hr\/wp-content\/uploads\/2021\/03\/ancona-italien-768x576.jpg 768w, https:\/\/magic-croatia.hr\/wp-content\/uploads\/2021\/03\/ancona-italien-1320x990.jpg 1320w, https:\/\/magic-croatia.hr\/wp-content\/uploads\/2021\/03\/ancona-italien-600x450.jpg 600w\" sizes=\"(max-width: 800px) 100vw, 800px\" \/><\/p>\n<p>&nbsp;<\/p>\n<p>Zadar ist 150 Kilometer von der italienischen Stadt <a href=\"https:\/\/www.visitancona.com\/en\/\">Ancona<\/a> entfernt.[\/vc_column_text][\/vc_column][\/vc_row]<\/p>\n<\/div>","protected":false},"excerpt":{"rendered":"<p>Zadar nisu samo prekrasne obale i brojni otoci, more i pla\u017ee. Ako si \u010duo za Zadar ili si ga posjetio, vjerojatno ne zna\u0161 da ovaj mediteranski grad krije mnoge tajne. Pro\u010ditaj kojih je to 11 stvari koje vjerojatno ne zna\u0161 o Zadru.<\/p>\n","protected":false},"author":2,"featured_media":62521,"comment_status":"closed","ping_status":"closed","sticky":false,"template":"","format":"standard","meta":{"footnotes":""},"categories":[1174,1351,1350],"tags":[2815,2813,2814],"yoast_head":"<!-- This site is optimized with the Yoast SEO plugin v22.4 - https:\/\/yoast.com\/wordpress\/plugins\/seo\/ -->\n<title>11 stvari koje ne zna\u0161 o Zadru - Magic Croatia<\/title>\n<meta name=\"description\" content=\"Zadar nisu samo prekrasne obale i brojni otoci, more i pla\u017ee. Pro\u010ditaj kojih je to 11 stvari koje vjerojatno ne zna\u0161 o Zadru.\" \/>\n<meta name=\"robots\" content=\"index, follow, max-snippet:-1, max-image-preview:large, max-video-preview:-1\" \/>\n<link rel=\"canonical\" href=\"https:\/\/magic-croatia.hr\/de\/11-dinge-die-sie-nicht-ueber-zadar-wissen\/\" \/>\n<meta property=\"og:locale\" content=\"de_DE\" \/>\n<meta property=\"og:type\" content=\"article\" \/>\n<meta property=\"og:title\" content=\"11 stvari koje ne zna\u0161 o Zadru - Magic Croatia\" \/>\n<meta property=\"og:description\" content=\"Zadar nisu samo prekrasne obale i brojni otoci, more i pla\u017ee. Pro\u010ditaj kojih je to 11 stvari koje vjerojatno ne zna\u0161 o Zadru.\" \/>\n<meta property=\"og:url\" content=\"https:\/\/magic-croatia.hr\/de\/11-dinge-die-sie-nicht-ueber-zadar-wissen\/\" \/>\n<meta property=\"og:site_name\" content=\"Magic Croatia\" \/>\n<meta property=\"article:published_time\" content=\"2021-03-09T07:22:27+00:00\" \/>\n<meta property=\"article:modified_time\" content=\"2022-04-27T09:26:54+00:00\" \/>\n<meta property=\"og:image\" content=\"https:\/\/magic-croatia.hr\/wp-content\/uploads\/2021\/03\/zadar-sphinx-magic-croatia-2.jpg\" \/>\n\t<meta property=\"og:image:width\" content=\"800\" \/>\n\t<meta property=\"og:image:height\" content=\"533\" \/>\n\t<meta property=\"og:image:type\" content=\"image\/jpeg\" \/>\n<meta name=\"author\" content=\"Magic Croatia\" \/>\n<meta name=\"twitter:card\" content=\"summary_large_image\" \/>\n<meta name=\"twitter:label1\" content=\"Verfasst von\" \/>\n\t<meta name=\"twitter:data1\" content=\"Magic Croatia\" \/>\n\t<meta name=\"twitter:label2\" content=\"Gesch\u00e4tzte Lesezeit\" \/>\n\t<meta name=\"twitter:data2\" content=\"5 Minuten\" \/>\n<script type=\"application\/ld+json\" class=\"yoast-schema-graph\">{\"@context\":\"https:\/\/schema.org\",\"@graph\":[{\"@type\":\"Article\",\"@id\":\"https:\/\/magic-croatia.hr\/de\/11-dinge-die-sie-nicht-ueber-zadar-wissen\/#article\",\"isPartOf\":{\"@id\":\"https:\/\/magic-croatia.hr\/de\/11-dinge-die-sie-nicht-ueber-zadar-wissen\/\"},\"author\":{\"name\":\"Magic Croatia\",\"@id\":\"https:\/\/magic-croatia.hr\/de\/#\/schema\/person\/327c1b1eb4a7aeef4fa14d85322c9bc5\"},\"headline\":\"11 Dinge, die Sie nicht \u00fcber Zadar wissen\",\"datePublished\":\"2021-03-09T07:22:27+00:00\",\"dateModified\":\"2022-04-27T09:26:54+00:00\",\"mainEntityOfPage\":{\"@id\":\"https:\/\/magic-croatia.hr\/de\/11-dinge-die-sie-nicht-ueber-zadar-wissen\/\"},\"wordCount\":639,\"publisher\":{\"@id\":\"https:\/\/magic-croatia.hr\/de\/#organization\"},\"image\":{\"@id\":\"https:\/\/magic-croatia.hr\/de\/11-dinge-die-sie-nicht-ueber-zadar-wissen\/#primaryimage\"},\"thumbnailUrl\":\"https:\/\/magic-croatia.hr\/wp-content\/uploads\/2021\/03\/zadar-sphinx-magic-croatia-2.jpg\",\"keywords\":[\"Interessantes \u00fcber Zadar\",\"was Sie nicht \u00fcber Zadar wissen\",\"Zadar interessante Dinge\"],\"articleSection\":[\"Blogs \u00fcber Kroatien\",\"Blogs \u00fcber Zadar\",\"Tipps f\u00fcr Touristen\"],\"inLanguage\":\"de-DE\"},{\"@type\":\"WebPage\",\"@id\":\"https:\/\/magic-croatia.hr\/de\/11-dinge-die-sie-nicht-ueber-zadar-wissen\/\",\"url\":\"https:\/\/magic-croatia.hr\/de\/11-dinge-die-sie-nicht-ueber-zadar-wissen\/\",\"name\":\"11 stvari koje ne zna\u0161 o Zadru - Magic Croatia\",\"isPartOf\":{\"@id\":\"https:\/\/magic-croatia.hr\/de\/#website\"},\"primaryImageOfPage\":{\"@id\":\"https:\/\/magic-croatia.hr\/de\/11-dinge-die-sie-nicht-ueber-zadar-wissen\/#primaryimage\"},\"image\":{\"@id\":\"https:\/\/magic-croatia.hr\/de\/11-dinge-die-sie-nicht-ueber-zadar-wissen\/#primaryimage\"},\"thumbnailUrl\":\"https:\/\/magic-croatia.hr\/wp-content\/uploads\/2021\/03\/zadar-sphinx-magic-croatia-2.jpg\",\"datePublished\":\"2021-03-09T07:22:27+00:00\",\"dateModified\":\"2022-04-27T09:26:54+00:00\",\"description\":\"Zadar nisu samo prekrasne obale i brojni otoci, more i pla\u017ee. Pro\u010ditaj kojih je to 11 stvari koje vjerojatno ne zna\u0161 o Zadru.\",\"breadcrumb\":{\"@id\":\"https:\/\/magic-croatia.hr\/de\/11-dinge-die-sie-nicht-ueber-zadar-wissen\/#breadcrumb\"},\"inLanguage\":\"de-DE\",\"potentialAction\":[{\"@type\":\"ReadAction\",\"target\":[\"https:\/\/magic-croatia.hr\/de\/11-dinge-die-sie-nicht-ueber-zadar-wissen\/\"]}]},{\"@type\":\"ImageObject\",\"inLanguage\":\"de-DE\",\"@id\":\"https:\/\/magic-croatia.hr\/de\/11-dinge-die-sie-nicht-ueber-zadar-wissen\/#primaryimage\",\"url\":\"https:\/\/magic-croatia.hr\/wp-content\/uploads\/2021\/03\/zadar-sphinx-magic-croatia-2.jpg\",\"contentUrl\":\"https:\/\/magic-croatia.hr\/wp-content\/uploads\/2021\/03\/zadar-sphinx-magic-croatia-2.jpg\",\"width\":800,\"height\":533},{\"@type\":\"BreadcrumbList\",\"@id\":\"https:\/\/magic-croatia.hr\/de\/11-dinge-die-sie-nicht-ueber-zadar-wissen\/#breadcrumb\",\"itemListElement\":[{\"@type\":\"ListItem\",\"position\":1,\"name\":\"Home\",\"item\":\"https:\/\/magic-croatia.hr\/de\/\"},{\"@type\":\"ListItem\",\"position\":2,\"name\":\"11 Dinge, die Sie nicht \u00fcber Zadar wissen\"}]},{\"@type\":\"WebSite\",\"@id\":\"https:\/\/magic-croatia.hr\/de\/#website\",\"url\":\"https:\/\/magic-croatia.hr\/de\/\",\"name\":\"Magic Croatia\",\"description\":\"Turisti\u010dka agencija\",\"publisher\":{\"@id\":\"https:\/\/magic-croatia.hr\/de\/#organization\"},\"potentialAction\":[{\"@type\":\"SearchAction\",\"target\":{\"@type\":\"EntryPoint\",\"urlTemplate\":\"https:\/\/magic-croatia.hr\/de\/?s={search_term_string}\"},\"query-input\":\"required name=search_term_string\"}],\"inLanguage\":\"de-DE\"},{\"@type\":\"Organization\",\"@id\":\"https:\/\/magic-croatia.hr\/de\/#organization\",\"name\":\"Magic Croatia\",\"url\":\"https:\/\/magic-croatia.hr\/de\/\",\"logo\":{\"@type\":\"ImageObject\",\"inLanguage\":\"de-DE\",\"@id\":\"https:\/\/magic-croatia.hr\/de\/#\/schema\/logo\/image\/\",\"url\":\"https:\/\/magic-croatia.hr\/wp-content\/uploads\/2019\/05\/magic-croatia-logo-final-02.png\",\"contentUrl\":\"https:\/\/magic-croatia.hr\/wp-content\/uploads\/2019\/05\/magic-croatia-logo-final-02.png\",\"width\":2251,\"height\":697,\"caption\":\"Magic Croatia\"},\"image\":{\"@id\":\"https:\/\/magic-croatia.hr\/de\/#\/schema\/logo\/image\/\"}},{\"@type\":\"Person\",\"@id\":\"https:\/\/magic-croatia.hr\/de\/#\/schema\/person\/327c1b1eb4a7aeef4fa14d85322c9bc5\",\"name\":\"Magic Croatia\",\"url\":\"https:\/\/magic-croatia.hr\/de\/autor\/magic_croatia\/\"}]}<\/script>\n<!-- \/ Yoast SEO plugin. -->","yoast_head_json":{"title":"11 stvari koje ne zna\u0161 o Zadru - Magic Croatia","description":"Zadar nisu samo prekrasne obale i brojni otoci, more i pla\u017ee. Pro\u010ditaj kojih je to 11 stvari koje vjerojatno ne zna\u0161 o Zadru.","robots":{"index":"index","follow":"follow","max-snippet":"max-snippet:-1","max-image-preview":"max-image-preview:large","max-video-preview":"max-video-preview:-1"},"canonical":"https:\/\/magic-croatia.hr\/de\/11-dinge-die-sie-nicht-ueber-zadar-wissen\/","og_locale":"de_DE","og_type":"article","og_title":"11 stvari koje ne zna\u0161 o Zadru - Magic Croatia","og_description":"Zadar nisu samo prekrasne obale i brojni otoci, more i pla\u017ee. Pro\u010ditaj kojih je to 11 stvari koje vjerojatno ne zna\u0161 o Zadru.","og_url":"https:\/\/magic-croatia.hr\/de\/11-dinge-die-sie-nicht-ueber-zadar-wissen\/","og_site_name":"Magic Croatia","article_published_time":"2021-03-09T07:22:27+00:00","article_modified_time":"2022-04-27T09:26:54+00:00","og_image":[{"width":800,"height":533,"url":"https:\/\/magic-croatia.hr\/wp-content\/uploads\/2021\/03\/zadar-sphinx-magic-croatia-2.jpg","type":"image\/jpeg"}],"author":"Magic Croatia","twitter_card":"summary_large_image","twitter_misc":{"Verfasst von":"Magic Croatia","Gesch\u00e4tzte Lesezeit":"5 Minuten"},"schema":{"@context":"https:\/\/schema.org","@graph":[{"@type":"Article","@id":"https:\/\/magic-croatia.hr\/de\/11-dinge-die-sie-nicht-ueber-zadar-wissen\/#article","isPartOf":{"@id":"https:\/\/magic-croatia.hr\/de\/11-dinge-die-sie-nicht-ueber-zadar-wissen\/"},"author":{"name":"Magic Croatia","@id":"https:\/\/magic-croatia.hr\/de\/#\/schema\/person\/327c1b1eb4a7aeef4fa14d85322c9bc5"},"headline":"11 Dinge, die Sie nicht \u00fcber Zadar wissen","datePublished":"2021-03-09T07:22:27+00:00","dateModified":"2022-04-27T09:26:54+00:00","mainEntityOfPage":{"@id":"https:\/\/magic-croatia.hr\/de\/11-dinge-die-sie-nicht-ueber-zadar-wissen\/"},"wordCount":639,"publisher":{"@id":"https:\/\/magic-croatia.hr\/de\/#organization"},"image":{"@id":"https:\/\/magic-croatia.hr\/de\/11-dinge-die-sie-nicht-ueber-zadar-wissen\/#primaryimage"},"thumbnailUrl":"https:\/\/magic-croatia.hr\/wp-content\/uploads\/2021\/03\/zadar-sphinx-magic-croatia-2.jpg","keywords":["Interessantes \u00fcber Zadar","was Sie nicht \u00fcber Zadar wissen","Zadar interessante Dinge"],"articleSection":["Blogs \u00fcber Kroatien","Blogs \u00fcber Zadar","Tipps f\u00fcr Touristen"],"inLanguage":"de-DE"},{"@type":"WebPage","@id":"https:\/\/magic-croatia.hr\/de\/11-dinge-die-sie-nicht-ueber-zadar-wissen\/","url":"https:\/\/magic-croatia.hr\/de\/11-dinge-die-sie-nicht-ueber-zadar-wissen\/","name":"11 stvari koje ne zna\u0161 o Zadru - Magic Croatia","isPartOf":{"@id":"https:\/\/magic-croatia.hr\/de\/#website"},"primaryImageOfPage":{"@id":"https:\/\/magic-croatia.hr\/de\/11-dinge-die-sie-nicht-ueber-zadar-wissen\/#primaryimage"},"image":{"@id":"https:\/\/magic-croatia.hr\/de\/11-dinge-die-sie-nicht-ueber-zadar-wissen\/#primaryimage"},"thumbnailUrl":"https:\/\/magic-croatia.hr\/wp-content\/uploads\/2021\/03\/zadar-sphinx-magic-croatia-2.jpg","datePublished":"2021-03-09T07:22:27+00:00","dateModified":"2022-04-27T09:26:54+00:00","description":"Zadar nisu samo prekrasne obale i brojni otoci, more i pla\u017ee. Pro\u010ditaj kojih je to 11 stvari koje vjerojatno ne zna\u0161 o Zadru.","breadcrumb":{"@id":"https:\/\/magic-croatia.hr\/de\/11-dinge-die-sie-nicht-ueber-zadar-wissen\/#breadcrumb"},"inLanguage":"de-DE","potentialAction":[{"@type":"ReadAction","target":["https:\/\/magic-croatia.hr\/de\/11-dinge-die-sie-nicht-ueber-zadar-wissen\/"]}]},{"@type":"ImageObject","inLanguage":"de-DE","@id":"https:\/\/magic-croatia.hr\/de\/11-dinge-die-sie-nicht-ueber-zadar-wissen\/#primaryimage","url":"https:\/\/magic-croatia.hr\/wp-content\/uploads\/2021\/03\/zadar-sphinx-magic-croatia-2.jpg","contentUrl":"https:\/\/magic-croatia.hr\/wp-content\/uploads\/2021\/03\/zadar-sphinx-magic-croatia-2.jpg","width":800,"height":533},{"@type":"BreadcrumbList","@id":"https:\/\/magic-croatia.hr\/de\/11-dinge-die-sie-nicht-ueber-zadar-wissen\/#breadcrumb","itemListElement":[{"@type":"ListItem","position":1,"name":"Home","item":"https:\/\/magic-croatia.hr\/de\/"},{"@type":"ListItem","position":2,"name":"11 Dinge, die Sie nicht \u00fcber Zadar wissen"}]},{"@type":"WebSite","@id":"https:\/\/magic-croatia.hr\/de\/#website","url":"https:\/\/magic-croatia.hr\/de\/","name":"Magic Croatia","description":"Turisti\u010dka agencija","publisher":{"@id":"https:\/\/magic-croatia.hr\/de\/#organization"},"potentialAction":[{"@type":"SearchAction","target":{"@type":"EntryPoint","urlTemplate":"https:\/\/magic-croatia.hr\/de\/?s={search_term_string}"},"query-input":"required name=search_term_string"}],"inLanguage":"de-DE"},{"@type":"Organization","@id":"https:\/\/magic-croatia.hr\/de\/#organization","name":"Magic Croatia","url":"https:\/\/magic-croatia.hr\/de\/","logo":{"@type":"ImageObject","inLanguage":"de-DE","@id":"https:\/\/magic-croatia.hr\/de\/#\/schema\/logo\/image\/","url":"https:\/\/magic-croatia.hr\/wp-content\/uploads\/2019\/05\/magic-croatia-logo-final-02.png","contentUrl":"https:\/\/magic-croatia.hr\/wp-content\/uploads\/2019\/05\/magic-croatia-logo-final-02.png","width":2251,"height":697,"caption":"Magic Croatia"},"image":{"@id":"https:\/\/magic-croatia.hr\/de\/#\/schema\/logo\/image\/"}},{"@type":"Person","@id":"https:\/\/magic-croatia.hr\/de\/#\/schema\/person\/327c1b1eb4a7aeef4fa14d85322c9bc5","name":"Magic Croatia","url":"https:\/\/magic-croatia.hr\/de\/autor\/magic_croatia\/"}]}},"_links":{"self":[{"href":"https:\/\/magic-croatia.hr\/de\/wp-json\/wp\/v2\/posts\/62325"}],"collection":[{"href":"https:\/\/magic-croatia.hr\/de\/wp-json\/wp\/v2\/posts"}],"about":[{"href":"https:\/\/magic-croatia.hr\/de\/wp-json\/wp\/v2\/types\/post"}],"author":[{"embeddable":true,"href":"https:\/\/magic-croatia.hr\/de\/wp-json\/wp\/v2\/users\/2"}],"replies":[{"embeddable":true,"href":"https:\/\/magic-croatia.hr\/de\/wp-json\/wp\/v2\/comments?post=62325"}],"version-history":[{"count":4,"href":"https:\/\/magic-croatia.hr\/de\/wp-json\/wp\/v2\/posts\/62325\/revisions"}],"predecessor-version":[{"id":62327,"href":"https:\/\/magic-croatia.hr\/de\/wp-json\/wp\/v2\/posts\/62325\/revisions\/62327"}],"wp:featuredmedia":[{"embeddable":true,"href":"https:\/\/magic-croatia.hr\/de\/wp-json\/wp\/v2\/media\/62521"}],"wp:attachment":[{"href":"https:\/\/magic-croatia.hr\/de\/wp-json\/wp\/v2\/media?parent=62325"}],"wp:term":[{"taxonomy":"category","embeddable":true,"href":"https:\/\/magic-croatia.hr\/de\/wp-json\/wp\/v2\/categories?post=62325"},{"taxonomy":"post_tag","embeddable":true,"href":"https:\/\/magic-croatia.hr\/de\/wp-json\/wp\/v2\/tags?post=62325"}],"curies":[{"name":"wp","href":"https:\/\/api.w.org\/{rel}","templated":true}]}}